{"id":955,"date":"2020-12-22T13:13:27","date_gmt":"2020-12-22T12:13:27","guid":{"rendered":"https:\/\/www.grupothulos.com\/?p=955"},"modified":"2021-04-08T09:44:39","modified_gmt":"2021-04-08T07:44:39","slug":"secador-de-pelo-ionico-thulos-th-hd2008i","status":"publish","type":"post","link":"https:\/\/www.grupothulos.com\/en\/novedades-grupo-thulos\/secador-de-pelo-ionico-thulos-th-hd2008i\/","title":{"rendered":"Secador de pelo I\u00d3NICO,  Thulos TH-HD2008i."},"content":{"rendered":"<p>Potencia profesional de 2000 W para un volumen perfecto como de peluquer\u00eda. Este secador te ofrece un potente flujo de aire.<\/p>\n\n\n\n<!--more-->\n\n\n\n<p><strong>CARACTER\u00cdSTICAS<\/strong><\/p>\n\n\n\n<ul><li>&#8211; 2 posiciones de velocidad y 3 modos de temperatura para un control completo:<br>La velocidad y la temperatura pueden regularse para crear el estilo perfecto. Las dos posiciones te aseguran un control total para que consigas el peinado que tanto buscabas.<\/li><li>&#8211; La funci\u00f3n Cool Shot te permite fijar tu peinado:<br>Una funci\u00f3n profesional imprescindible para los estilistas. El bot\u00f3n Cool Shot te ofrece un golpe de aire fr\u00edo intenso para fijar el peinado y darle un toque final, una funci\u00f3n imprescindible para cualquier profesional.<\/li><li>&#8211; Funci\u00f3n I\u00f3nico Turmalina:<br>Cuando pruebes la tecnolog\u00eda de generaci\u00f3n de iones te preguntar\u00e1s por qu\u00e9 no la utilizaste antes. A trav\u00e9s de ellos, eliminar\u00e1s la electricidad&nbsp; est\u00e1tica obteniendo un cabello m\u00e1s suave y sedoso.<\/li><li>&#8211; Boquilla concentradora estrecha para dirigir el flujo de aire:<br>La boquilla concentradora dirige el flujo de aire a zonas espec\u00edficas para obtener un secado perfecto. Es ideal para darle el toque final a tu peinado.<\/li><li>&#8211; Difusor: Distribuye el calor uniformemente, ideal para obtener el volumen deseado.<\/li><li>&#8211; Incluye difusor y concentrador.<\/li><li>&#8211; 220-240V ~ 50 \/ 60Hz 2000W.<\/li><li>&#8211; EAN: 8436572763517<\/li><\/ul>\n\n\n\n<p>&#8211;<\/p>\n\n\n\n<figure class=\"wp-block-table\"><table><tbody><tr><td><strong>WHOLESALE PACKAGING<\/strong><\/td><td><\/td><\/tr><tr><td>Units per box<\/td><td>12 pcs<\/td><\/tr><tr><td>Dimensions<\/td><td>&nbsp;490*305*575 mm<\/td><\/tr><tr><td>Peso bruto\/neto<\/td><td>12.4 \u2013 9.8kg<\/td><\/tr><tr><td>Unidades por pallet<\/td><td>204 (17 cajas)<\/td><\/tr><\/tbody><\/table><\/figure>\n\n\n\n<div class=\"wp-block-jetpack-tiled-gallery aligncenter is-style-rectangular\"><div class=\"tiled-gallery__gallery\"><div class=\"tiled-gallery__row\"><div class=\"tiled-gallery__col\" style=\"flex-basis:100%\"><figure class=\"tiled-gallery__item\"><img alt=\"\" data-height=\"4000\" data-id=\"957\" data-link=\"https:\/\/www.grupothulos.com\/?attachment_id=957\" data-url=\"https:\/\/www.grupothulos.com\/wp-content\/uploads\/2020\/12\/TH-HD8000i-3D.png\" data-width=\"2991\" src=\"https:\/\/i1.wp.com\/www.grupothulos.com\/wp-content\/uploads\/2020\/12\/TH-HD8000i-3D.png?ssl=1\" layout=\"responsive\"><\/figure><\/div><\/div><\/div><\/div>","protected":false},"excerpt":{"rendered":"<p>Potencia profesional de 2000 W para un volumen perfecto como de peluquer\u00eda. Este secador te ofrece un potente flujo de aire.<\/p>","protected":false},"author":2,"featured_media":956,"comment_status":"open","ping_status":"open","sticky":false,"template":"","format":"standard","meta":[],"categories":[3],"tags":[82,81],"acf":[],"yoast_head":"<!-- This site is optimized with the Yoast SEO plugin v19.0 - https:\/\/yoast.com\/wordpress\/plugins\/seo\/ -->\n<title>Secador de pelo I\u00d3NICO, Thulos TH-HD2008i. - Grupo Thulos\u00ae<\/title>\n<meta name=\"description\" content=\"Secador de pelo i\u00f3nico, con Potencia profesional de 2000 W para un volumen perfecto como de peluquer\u00eda. La incre\u00edble combinaci\u00f3n de potencia y velocidad seca el pelo de forma m\u00e1s r\u00e1pida y f\u00e1cil.\" \/>\n<meta name=\"robots\" content=\"index, follow, max-snippet:-1, max-image-preview:large, max-video-preview:-1\" \/>\n<link rel=\"canonical\" href=\"https:\/\/www.grupothulos.com\/en\/novedades-grupo-thulos\/secador-de-pelo-ionico-thulos-th-hd2008i\/\" \/>\n<meta property=\"og:locale\" content=\"en_GB\" \/>\n<meta property=\"og:type\" content=\"article\" \/>\n<meta property=\"og:title\" content=\"Secador de pelo I\u00d3NICO, Thulos TH-HD2008i. - Grupo Thulos\u00ae\" \/>\n<meta property=\"og:description\" content=\"Secador de pelo i\u00f3nico, con Potencia profesional de 2000 W para un volumen perfecto como de peluquer\u00eda. La incre\u00edble combinaci\u00f3n de potencia y velocidad seca el pelo de forma m\u00e1s r\u00e1pida y f\u00e1cil.\" \/>\n<meta property=\"og:url\" content=\"https:\/\/www.grupothulos.com\/en\/novedades-grupo-thulos\/secador-de-pelo-ionico-thulos-th-hd2008i\/\" \/>\n<meta property=\"og:site_name\" content=\"Grupo Thulos\u00ae\" \/>\n<meta property=\"article:published_time\" content=\"2020-12-22T12:13:27+00:00\" \/>\n<meta property=\"article:modified_time\" content=\"2021-04-08T07:44:39+00:00\" \/>\n<meta property=\"og:image\" content=\"https:\/\/www.grupothulos.com\/wp-content\/uploads\/2020\/12\/TH-HD2008i-800PX.jpg\" \/>\n\t<meta property=\"og:image:width\" content=\"800\" \/>\n\t<meta property=\"og:image:height\" content=\"798\" \/>\n\t<meta property=\"og:image:type\" content=\"image\/jpeg\" \/>\n<meta name=\"twitter:card\" content=\"summary_large_image\" \/>\n<meta name=\"twitter:label1\" content=\"Written by\" \/>\n\t<meta name=\"twitter:data1\" content=\"Marcia\" \/>\n\t<meta name=\"twitter:label2\" content=\"Estimated reading time\" \/>\n\t<meta name=\"twitter:data2\" content=\"1 minute\" \/>\n<script type=\"application\/ld+json\" class=\"yoast-schema-graph\">{\"@context\":\"https:\/\/schema.org\",\"@graph\":[{\"@type\":\"WebSite\",\"@id\":\"https:\/\/www.grupothulos.com\/#website\",\"url\":\"https:\/\/www.grupothulos.com\/\",\"name\":\"Grupo Thulos\u00ae\",\"description\":\"We Make Things Big\",\"potentialAction\":[{\"@type\":\"SearchAction\",\"target\":{\"@type\":\"EntryPoint\",\"urlTemplate\":\"https:\/\/www.grupothulos.com\/?s={search_term_string}\"},\"query-input\":\"required name=search_term_string\"}],\"inLanguage\":\"en-GB\"},{\"@type\":\"ImageObject\",\"inLanguage\":\"en-GB\",\"@id\":\"https:\/\/www.grupothulos.com\/novedades-grupo-thulos\/secador-de-pelo-ionico-thulos-th-hd2008i\/#primaryimage\",\"url\":\"https:\/\/www.grupothulos.com\/wp-content\/uploads\/2020\/12\/TH-HD2008i-800PX.jpg\",\"contentUrl\":\"https:\/\/www.grupothulos.com\/wp-content\/uploads\/2020\/12\/TH-HD2008i-800PX.jpg\",\"width\":800,\"height\":798},{\"@type\":\"WebPage\",\"@id\":\"https:\/\/www.grupothulos.com\/novedades-grupo-thulos\/secador-de-pelo-ionico-thulos-th-hd2008i\/#webpage\",\"url\":\"https:\/\/www.grupothulos.com\/novedades-grupo-thulos\/secador-de-pelo-ionico-thulos-th-hd2008i\/\",\"name\":\"Secador de pelo I\u00d3NICO, Thulos TH-HD2008i. - Grupo Thulos\u00ae\",\"isPartOf\":{\"@id\":\"https:\/\/www.grupothulos.com\/#website\"},\"primaryImageOfPage\":{\"@id\":\"https:\/\/www.grupothulos.com\/novedades-grupo-thulos\/secador-de-pelo-ionico-thulos-th-hd2008i\/#primaryimage\"},\"datePublished\":\"2020-12-22T12:13:27+00:00\",\"dateModified\":\"2021-04-08T07:44:39+00:00\",\"author\":{\"@id\":\"https:\/\/www.grupothulos.com\/#\/schema\/person\/b86be63269df1d07117d7b70147ab244\"},\"description\":\"Secador de pelo i\u00f3nico, con Potencia profesional de 2000 W para un volumen perfecto como de peluquer\u00eda. La incre\u00edble combinaci\u00f3n de potencia y velocidad seca el pelo de forma m\u00e1s r\u00e1pida y f\u00e1cil.\",\"breadcrumb\":{\"@id\":\"https:\/\/www.grupothulos.com\/novedades-grupo-thulos\/secador-de-pelo-ionico-thulos-th-hd2008i\/#breadcrumb\"},\"inLanguage\":\"en-GB\",\"potentialAction\":[{\"@type\":\"ReadAction\",\"target\":[\"https:\/\/www.grupothulos.com\/novedades-grupo-thulos\/secador-de-pelo-ionico-thulos-th-hd2008i\/\"]}]},{\"@type\":\"BreadcrumbList\",\"@id\":\"https:\/\/www.grupothulos.com\/novedades-grupo-thulos\/secador-de-pelo-ionico-thulos-th-hd2008i\/#breadcrumb\",\"itemListElement\":[{\"@type\":\"ListItem\",\"position\":1,\"name\":\"Home\",\"item\":\"https:\/\/www.grupothulos.com\/\"},{\"@type\":\"ListItem\",\"position\":2,\"name\":\"Secador de pelo I\u00d3NICO, Thulos TH-HD2008i.\"}]},{\"@type\":\"Person\",\"@id\":\"https:\/\/www.grupothulos.com\/#\/schema\/person\/b86be63269df1d07117d7b70147ab244\",\"name\":\"Marcia\",\"image\":{\"@type\":\"ImageObject\",\"inLanguage\":\"en-GB\",\"@id\":\"https:\/\/www.grupothulos.com\/#\/schema\/person\/image\/\",\"url\":\"https:\/\/secure.gravatar.com\/avatar\/9660beb93f861e8db69d3495778aa2c4?s=96&d=mm&r=g\",\"contentUrl\":\"https:\/\/secure.gravatar.com\/avatar\/9660beb93f861e8db69d3495778aa2c4?s=96&d=mm&r=g\",\"caption\":\"Marcia\"},\"url\":\"https:\/\/www.grupothulos.com\/en\/author\/marcia\/\"}]}<\/script>\n<!-- \/ Yoast SEO plugin. -->","yoast_head_json":{"title":"Secador de pelo I\u00d3NICO, Thulos TH-HD2008i. - Grupo Thulos\u00ae","description":"Secador de pelo i\u00f3nico, con Potencia profesional de 2000 W para un volumen perfecto como de peluquer\u00eda. La incre\u00edble combinaci\u00f3n de potencia y velocidad seca el pelo de forma m\u00e1s r\u00e1pida y f\u00e1cil.","robots":{"index":"index","follow":"follow","max-snippet":"max-snippet:-1","max-image-preview":"max-image-preview:large","max-video-preview":"max-video-preview:-1"},"canonical":"https:\/\/www.grupothulos.com\/en\/novedades-grupo-thulos\/secador-de-pelo-ionico-thulos-th-hd2008i\/","og_locale":"en_GB","og_type":"article","og_title":"Secador de pelo I\u00d3NICO, Thulos TH-HD2008i. - Grupo Thulos\u00ae","og_description":"Secador de pelo i\u00f3nico, con Potencia profesional de 2000 W para un volumen perfecto como de peluquer\u00eda. La incre\u00edble combinaci\u00f3n de potencia y velocidad seca el pelo de forma m\u00e1s r\u00e1pida y f\u00e1cil.","og_url":"https:\/\/www.grupothulos.com\/en\/novedades-grupo-thulos\/secador-de-pelo-ionico-thulos-th-hd2008i\/","og_site_name":"Grupo Thulos\u00ae","article_published_time":"2020-12-22T12:13:27+00:00","article_modified_time":"2021-04-08T07:44:39+00:00","og_image":[{"width":800,"height":798,"url":"https:\/\/www.grupothulos.com\/wp-content\/uploads\/2020\/12\/TH-HD2008i-800PX.jpg","type":"image\/jpeg"}],"twitter_card":"summary_large_image","twitter_misc":{"Written by":"Marcia","Estimated reading time":"1 minute"},"schema":{"@context":"https:\/\/schema.org","@graph":[{"@type":"WebSite","@id":"https:\/\/www.grupothulos.com\/#website","url":"https:\/\/www.grupothulos.com\/","name":"Grupo Thulos\u00ae","description":"We Make Things Big","potentialAction":[{"@type":"SearchAction","target":{"@type":"EntryPoint","urlTemplate":"https:\/\/www.grupothulos.com\/?s={search_term_string}"},"query-input":"required name=search_term_string"}],"inLanguage":"en-GB"},{"@type":"ImageObject","inLanguage":"en-GB","@id":"https:\/\/www.grupothulos.com\/novedades-grupo-thulos\/secador-de-pelo-ionico-thulos-th-hd2008i\/#primaryimage","url":"https:\/\/www.grupothulos.com\/wp-content\/uploads\/2020\/12\/TH-HD2008i-800PX.jpg","contentUrl":"https:\/\/www.grupothulos.com\/wp-content\/uploads\/2020\/12\/TH-HD2008i-800PX.jpg","width":800,"height":798},{"@type":"WebPage","@id":"https:\/\/www.grupothulos.com\/novedades-grupo-thulos\/secador-de-pelo-ionico-thulos-th-hd2008i\/#webpage","url":"https:\/\/www.grupothulos.com\/novedades-grupo-thulos\/secador-de-pelo-ionico-thulos-th-hd2008i\/","name":"Secador de pelo I\u00d3NICO, Thulos TH-HD2008i. - Grupo Thulos\u00ae","isPartOf":{"@id":"https:\/\/www.grupothulos.com\/#website"},"primaryImageOfPage":{"@id":"https:\/\/www.grupothulos.com\/novedades-grupo-thulos\/secador-de-pelo-ionico-thulos-th-hd2008i\/#primaryimage"},"datePublished":"2020-12-22T12:13:27+00:00","dateModified":"2021-04-08T07:44:39+00:00","author":{"@id":"https:\/\/www.grupothulos.com\/#\/schema\/person\/b86be63269df1d07117d7b70147ab244"},"description":"Secador de pelo i\u00f3nico, con Potencia profesional de 2000 W para un volumen perfecto como de peluquer\u00eda. La incre\u00edble combinaci\u00f3n de potencia y velocidad seca el pelo de forma m\u00e1s r\u00e1pida y f\u00e1cil.","breadcrumb":{"@id":"https:\/\/www.grupothulos.com\/novedades-grupo-thulos\/secador-de-pelo-ionico-thulos-th-hd2008i\/#breadcrumb"},"inLanguage":"en-GB","potentialAction":[{"@type":"ReadAction","target":["https:\/\/www.grupothulos.com\/novedades-grupo-thulos\/secador-de-pelo-ionico-thulos-th-hd2008i\/"]}]},{"@type":"BreadcrumbList","@id":"https:\/\/www.grupothulos.com\/novedades-grupo-thulos\/secador-de-pelo-ionico-thulos-th-hd2008i\/#breadcrumb","itemListElement":[{"@type":"ListItem","position":1,"name":"Home","item":"https:\/\/www.grupothulos.com\/"},{"@type":"ListItem","position":2,"name":"Secador de pelo I\u00d3NICO, Thulos TH-HD2008i."}]},{"@type":"Person","@id":"https:\/\/www.grupothulos.com\/#\/schema\/person\/b86be63269df1d07117d7b70147ab244","name":"Marcia","image":{"@type":"ImageObject","inLanguage":"en-GB","@id":"https:\/\/www.grupothulos.com\/#\/schema\/person\/image\/","url":"https:\/\/secure.gravatar.com\/avatar\/9660beb93f861e8db69d3495778aa2c4?s=96&d=mm&r=g","contentUrl":"https:\/\/secure.gravatar.com\/avatar\/9660beb93f861e8db69d3495778aa2c4?s=96&d=mm&r=g","caption":"Marcia"},"url":"https:\/\/www.grupothulos.com\/en\/author\/marcia\/"}]}},"_links":{"self":[{"href":"https:\/\/www.grupothulos.com\/en\/wp-json\/wp\/v2\/posts\/955"}],"collection":[{"href":"https:\/\/www.grupothulos.com\/en\/wp-json\/wp\/v2\/posts"}],"about":[{"href":"https:\/\/www.grupothulos.com\/en\/wp-json\/wp\/v2\/types\/post"}],"author":[{"embeddable":true,"href":"https:\/\/www.grupothulos.com\/en\/wp-json\/wp\/v2\/users\/2"}],"replies":[{"embeddable":true,"href":"https:\/\/www.grupothulos.com\/en\/wp-json\/wp\/v2\/comments?post=955"}],"version-history":[{"count":3,"href":"https:\/\/www.grupothulos.com\/en\/wp-json\/wp\/v2\/posts\/955\/revisions"}],"predecessor-version":[{"id":1118,"href":"https:\/\/www.grupothulos.com\/en\/wp-json\/wp\/v2\/posts\/955\/revisions\/1118"}],"wp:featuredmedia":[{"embeddable":true,"href":"https:\/\/www.grupothulos.com\/en\/wp-json\/wp\/v2\/media\/956"}],"wp:attachment":[{"href":"https:\/\/www.grupothulos.com\/en\/wp-json\/wp\/v2\/media?parent=955"}],"wp:term":[{"taxonomy":"category","embeddable":true,"href":"https:\/\/www.grupothulos.com\/en\/wp-json\/wp\/v2\/categories?post=955"},{"taxonomy":"post_tag","embeddable":true,"href":"https:\/\/www.grupothulos.com\/en\/wp-json\/wp\/v2\/tags?post=955"}],"curies":[{"name":"wp","href":"https:\/\/api.w.org\/{rel}","templated":true}]}}